{"id":3811,"date":"2021-04-09T10:49:40","date_gmt":"2021-04-09T09:49:40","guid":{"rendered":"https:\/\/www.marceljousse.com\/MAJ-2024\/una-nueva-vida-para-los-archivos-de-jousse\/"},"modified":"2024-04-21T18:50:40","modified_gmt":"2024-04-21T17:50:40","slug":"una-nueva-vida-para-los-archivos-de-jousse","status":"publish","type":"post","link":"https:\/\/www.marceljousse.com\/es\/una-nueva-vida-para-los-archivos-de-jousse\/","title":{"rendered":"Una nueva vida para los archivos de Jousse"},"content":{"rendered":"<p><strong>El 31 de marzo de 2021, los archivos de Jousse fueron recibidos por la biblioteca del Instituto Cat\u00f3lico de Par\u00eds. De este modo, ser\u00e1n conservadas y clasificadas por profesionales, y luego se pondr\u00e1n a disposici\u00f3n de los investigadores, para un mejor conocimiento de su vida y su obra.<\/strong><\/p>\n<p><strong>Tras poner a disposici\u00f3n del p\u00fablico todas las transcripciones de sus conferencias, la Asociaci\u00f3n Marcel Jousse ha dado una vez m\u00e1s un gran paso adelante para la posteridad de la obra de Jousse.<\/strong><\/p>\n<p><img loading=\"lazy\" decoding=\"async\" class=\"aligncenter size-full wp-image-1218\" src=\"https:\/\/www.marceljousse.com\/MAJ-2024\/wp-content\/uploads\/2021\/04\/archives-AMJ.jpg\" alt=\"\" width=\"540\" height=\"720\" srcset=\"https:\/\/www.marceljousse.com\/wp-content\/uploads\/2021\/04\/archives-AMJ.jpg 540w, https:\/\/www.marceljousse.com\/wp-content\/uploads\/2021\/04\/archives-AMJ-225x300.jpg 225w\" sizes=\"auto, (max-width: 540px) 100vw, 540px\" \/><\/p>\n<p>Estas 7 cajas de archivos incluyen documentos sobre la vida y las investigaciones de Jousse, as\u00ed como sobre el trabajo de su colaboradora Gabrielle Baron tras su muerte, que dio lugar a la creaci\u00f3n de la Asociaci\u00f3n Marcel Jousse.<\/p>\n<p>Elisabeth d&#8217;Eudeville, secretaria de la asociaci\u00f3n, ha sido muy persistente durante muchos a\u00f1os en la b\u00fasqueda de una instituci\u00f3n que pudiera recibir estos archivos. Finalmente se lleg\u00f3 a un acuerdo con el Instituto Cat\u00f3lico de Par\u00eds&#8230; y el contexto de la epidemia de COVID volvi\u00f3 a posponer este traslado. \u00a1As\u00ed que eso es!<\/p>\n<p><img loading=\"lazy\" decoding=\"async\" class=\"aligncenter size-full wp-image-1219\" src=\"https:\/\/www.marceljousse.com\/MAJ-2024\/wp-content\/uploads\/2021\/04\/logo-icp-entier.jpg\" alt=\"\" width=\"888\" height=\"200\" srcset=\"https:\/\/www.marceljousse.com\/wp-content\/uploads\/2021\/04\/logo-icp-entier.jpg 888w, https:\/\/www.marceljousse.com\/wp-content\/uploads\/2021\/04\/logo-icp-entier-300x68.jpg 300w, https:\/\/www.marceljousse.com\/wp-content\/uploads\/2021\/04\/logo-icp-entier-768x173.jpg 768w, https:\/\/www.marceljousse.com\/wp-content\/uploads\/2021\/04\/logo-icp-entier-600x135.jpg 600w\" sizes=\"auto, (max-width: 888px) 100vw, 888px\" \/><\/p>\n<p>Les mantendremos informados sobre los trabajos de valorizaci\u00f3n que se llevar\u00e1n a cabo bajo la responsabilidad de Guillaume Boyer, conservador de las colecciones antiguas y patrimoniales.<\/p>\n<p>El pr\u00f3ximo acontecimiento es la publicaci\u00f3n prevista en abril de un n\u00famero especial sobre Marcel Jousse de la revista universitaria del PCI, <a href=\"https:\/\/www.icp.fr\/recherche\/unite-de-recherche\/revue-transversalites\" target=\"_blank\" rel=\"noopener\">Transversalit\u00e9s<\/a>.<\/p>\n<p>Continuar\u00e1.<\/p>\n","protected":false},"excerpt":{"rendered":"<p>El 31 de marzo de 2021, los archivos de Jousse fueron recibidos por la biblioteca del Instituto Cat\u00f3lico de Par\u00eds. De este modo, ser\u00e1n conservadas y clasificadas por profesionales, y luego se pondr\u00e1n a disposici\u00f3n de los investigadores, para un mejor conocimiento de su vida y su obra. Tras poner a disposici\u00f3n del p\u00fablico todas [&hellip;]<\/p>\n","protected":false},"author":2,"featured_media":0,"comment_status":"closed","ping_status":"open","sticky":false,"template":"","format":"standard","meta":{"footnotes":""},"categories":[193,147],"tags":[],"class_list":["post-3811","post","type-post","status-publish","format-standard","hentry","category-asociacion","category-documentos-de-archivo"],"_links":{"self":[{"href":"https:\/\/www.marceljousse.com\/es\/wp-json\/wp\/v2\/posts\/3811","targetHints":{"allow":["GET"]}}],"collection":[{"href":"https:\/\/www.marceljousse.com\/es\/wp-json\/wp\/v2\/posts"}],"about":[{"href":"https:\/\/www.marceljousse.com\/es\/wp-json\/wp\/v2\/types\/post"}],"author":[{"embeddable":true,"href":"https:\/\/www.marceljousse.com\/es\/wp-json\/wp\/v2\/users\/2"}],"replies":[{"embeddable":true,"href":"https:\/\/www.marceljousse.com\/es\/wp-json\/wp\/v2\/comments?post=3811"}],"version-history":[{"count":1,"href":"https:\/\/www.marceljousse.com\/es\/wp-json\/wp\/v2\/posts\/3811\/revisions"}],"predecessor-version":[{"id":3982,"href":"https:\/\/www.marceljousse.com\/es\/wp-json\/wp\/v2\/posts\/3811\/revisions\/3982"}],"wp:attachment":[{"href":"https:\/\/www.marceljousse.com\/es\/wp-json\/wp\/v2\/media?parent=3811"}],"wp:term":[{"taxonomy":"category","embeddable":true,"href":"https:\/\/www.marceljousse.com\/es\/wp-json\/wp\/v2\/categories?post=3811"},{"taxonomy":"post_tag","embeddable":true,"href":"https:\/\/www.marceljousse.com\/es\/wp-json\/wp\/v2\/tags?post=3811"}],"curies":[{"name":"wp","href":"https:\/\/api.w.org\/{rel}","templated":true}]}}