{"id":3842,"date":"2022-05-07T22:22:19","date_gmt":"2022-05-07T21:22:19","guid":{"rendered":"https:\/\/www.marceljousse.com\/MAJ-2024\/la-antropologia-del-gesto-de-marcel-jousse-se-da-a-conocer-en-espana-y-america-latina\/"},"modified":"2024-04-21T19:12:44","modified_gmt":"2024-04-21T18:12:44","slug":"la-antropologia-del-gesto-de-marcel-jousse-se-da-a-conocer-en-espana-y-america-latina","status":"publish","type":"post","link":"https:\/\/www.marceljousse.com\/es\/la-antropologia-del-gesto-de-marcel-jousse-se-da-a-conocer-en-espana-y-america-latina\/","title":{"rendered":"La antropolog\u00eda del gesto de Marcel Jousse se da a conocer en Espa\u00f1a y Am\u00e9rica Latina"},"content":{"rendered":"<p><strong>Francisco Garc\u00eda present\u00f3 las \u00faltimas iniciativas para la difusi\u00f3n del pensamiento de Jousse en el mundo hispanohablante en las \u00faltimas reuniones de la Asociaci\u00f3n Marcel Jousse en noviembre de 2021. Aqu\u00ed actualizamos su texto con noticias m\u00e1s recientes.<\/strong><\/p>\n<h3>Actividades realizadas en espa\u00f1ol en 2020 y 2021<\/h3>\n<p>En primer lugar, hay que destacar la promoci\u00f3n del pensamiento de Marcel Jousse por parte del profesor Gabriel Bourdin. S\u00f3lo mencionar\u00e9 dos de ellos:<\/p>\n<ul>\n<li><strong>Dos seminarios en la UNAM<\/strong><\/li>\n<\/ul>\n<p>El profesor Gabriel Bourdin, como profesor de antropolog\u00eda en la UNAM (Universidad Nacional Aut\u00f3noma de M\u00e9xico), y vinculado al Instituto de Investigaciones Antropol\u00f3gicas de la misma Universidad, dirigi\u00f3 este a\u00f1o dos seminarios de Antropolog\u00eda.<\/p>\n<p>La primera se celebr\u00f3 de marzo a mayo de 2021 y trat\u00f3 el tema: La vida de los gestos en la vida cotidiana. Elementos de antropolog\u00eda joussiana. Este estudio continu\u00f3 en el segundo seminario de septiembre a noviembre de 2021. Estos dos seminarios fueron en sesiones virtuales de 4 horas semanales (los viernes).<\/p>\n<ul>\n<li><strong>Inauguraci\u00f3n de una red social de Marcel Jousse<\/strong><\/li>\n<\/ul>\n<p>En agosto de 2021 se inaugur\u00f3 en la plataforma Whaller una red social de habla hispana denominada &#8220;Red Marcel Jousse&#8221;. Con esta iniciativa y gracias a la coordinaci\u00f3n conjunta de Thomas Marshall y Gabriel Bourdin, la informaci\u00f3n y la proximidad de las personas interesadas en la antropolog\u00eda del gesto de Marcel Jousse en Am\u00e9rica Latina, Espa\u00f1a y Francia es cada vez m\u00e1s cercana.<\/p>\n<p>Tanto los seminarios de la UNAM como la red social han reunido a personas de M\u00e9xico, Argentina, Bolivia, Colombia, Brasil, Chile, Uruguay y Espa\u00f1a, entre otros.<\/p>\n<ul>\n<li><strong>El Dr. Francisco Moya y los m\u00e9dicos cristianos<\/strong><\/li>\n<\/ul>\n<p>A finales de 2020, el Dr. Francisco Moya, m\u00e9dico espa\u00f1ol especializado en radiograf\u00eda, public\u00f3 en su canal de YouTube una conferencia titulada: &#8220;<a href=\"https:\/\/www.youtube.com\/watch?v=jpbRooFkBy8\">Nueve tesis del pensamiento de Marcel Jousse en su Antropolog\u00eda del Gesto<\/a>&#8220;, que est\u00e1 resultando una buena s\u00edntesis en espa\u00f1ol, y que hasta la fecha ha tenido m\u00e1s de 2.600 visitas. Francisco Moya es el fundador de la palingenesia (que significa &#8220;renacimiento&#8221;). La palingenesia de la persona es un nuevo m\u00e9todo, inspirado en el fil\u00f3sofo espa\u00f1ol Leonardo Polo, que tiene como objetivo la curaci\u00f3n de la persona a trav\u00e9s de la plena conciencia de su pasado. Tambi\u00e9n ha encontrado importantes puntos de anclaje en la Antropolog\u00eda del Gesto de Marcel Jousse. Alrededor del Dr. Moya hay investigadores de origen espa\u00f1ol, latinoamericano y europeo interesados en este m\u00e9todo. Algunos de ellos han seguido un curso de formaci\u00f3n sobre Antropolog\u00eda del Gesto y sobre la obra de Pierre Perrier, impartido por el profesor Francisco Jos\u00e9 L\u00f3pez en Almod\u00f3var del Campo (Ciudad Real). Abogan por una v\u00eda de curaci\u00f3n a trav\u00e9s del gesto. Tienen previsto reunirse m\u00e1s a menudo en el futuro.<\/p>\n<h3>Publicaciones en espa\u00f1ol<\/h3>\n<ul>\n<li><strong>En 2020 se editaron dos importantes publicaciones en espa\u00f1ol.<\/strong><\/li>\n<\/ul>\n<p><a href=\"https:\/\/www.marceljousse.com\/MAJ-2024\/wp-content\/uploads\/2022\/05\/couv-La-jungla-anthropologica-233x300.png\"><img loading=\"lazy\" decoding=\"async\" class=\"alignleft wp-image-1419 size-medium\" src=\"https:\/\/www.marceljousse.com\/MAJ-2024\/wp-content\/uploads\/2022\/05\/couv-La-jungla-anthropologica-233x300.png\" alt=\"\" width=\"233\" height=\"300\" srcset=\"https:\/\/www.marceljousse.com\/wp-content\/uploads\/2022\/05\/couv-La-jungla-anthropologica-233x300.png 233w, https:\/\/www.marceljousse.com\/wp-content\/uploads\/2022\/05\/couv-La-jungla-anthropologica-600x773.png 600w, https:\/\/www.marceljousse.com\/wp-content\/uploads\/2022\/05\/couv-La-jungla-anthropologica.png 672w\" sizes=\"auto, (max-width: 233px) 100vw, 233px\" \/><\/a><br \/>\n&#8220;La Jungla Antropol\u00f3gica. Una introducci\u00f3n a la antropolog\u00eda del gesto y el mimismo de Marcel Jousse&#8221; escrito por Gabriel Bourdin y publicado por el Instituto de Investigaciones Antropol\u00f3gicas de la Universidad Nacional Aut\u00f3noma de M\u00e9xico (UNAM).<br \/>\n<a href=\"https:\/\/tienda.fciencias.unam.mx\/es\/inicio\/1569-la-jungla-antropologica-una-introduccion-a-la-antropologia-del-gesto-y-el-mimismo-de-marcel-jousse-9786073027380.html\">Este libro ya puede pedirse en l\u00ednea<\/a>.<\/p>\n<p>Aqu\u00ed est\u00e1 la presentaci\u00f3n del autor en la contraportada:<\/p>\n<p>Para los lectores de habla hispana, la antropolog\u00eda de Jousse es desconocida. Los autores que han incluido referencias a Jousse en nuestra lengua se pueden contar &#8220;con los dedos de una mano&#8221;, por utilizar la figura gestual de la numeraci\u00f3n &#8220;primordial&#8221;, que result\u00f3 muy atractiva para nuestro autor. La presente obra pretende someter a la consideraci\u00f3n del lector hispanohablante, y sobre todo del investigador en humanidades, un nuevo enfoque metodol\u00f3gico con enorme potencial. Como objetivo intermedio, el autor trata de encontrar posibles aplicaciones de la creaci\u00f3n joussiana al vasto horizonte de las tradiciones de estilo oral procedentes del continente americano.<\/p>\n<p><a href=\"https:\/\/www.marceljousse.com\/MAJ-2024\/wp-content\/uploads\/2022\/05\/El-Estilo-Oral-couverture-201x300.png\"><img loading=\"lazy\" decoding=\"async\" class=\"alignright wp-image-1423 size-medium\" src=\"https:\/\/www.marceljousse.com\/MAJ-2024\/wp-content\/uploads\/2022\/05\/El-Estilo-Oral-couverture-201x300.png\" alt=\"\" width=\"201\" height=\"300\" srcset=\"https:\/\/www.marceljousse.com\/wp-content\/uploads\/2022\/05\/El-Estilo-Oral-couverture-201x300.png 201w, https:\/\/www.marceljousse.com\/wp-content\/uploads\/2022\/05\/El-Estilo-Oral-couverture.png 397w\" sizes=\"auto, (max-width: 201px) 100vw, 201px\" \/><\/a> La UNAM tambi\u00e9n acaba de publicar una traducci\u00f3n al espa\u00f1ol del libro de Marcel Jousse Le Style Oral (1925), bajo el t\u00edtulo El Estilo Oral r\u00edtmico y mnemot\u00e9cnico entre los verbo-motores. La traducci\u00f3n fue realizada por el profesor Bourdin y su esposa Leonor Teso Gentile (de feliz memoria), con un pr\u00f3logo de Edgard Sienaert. Gabriel Bourdin precede el texto con una rica introducci\u00f3n para poner en perspectiva esta obra inaugural de Jousse para los lectores contempor\u00e1neos. Esta publicaci\u00f3n en espa\u00f1ol fue presentada oficialmente en el cuadrag\u00e9simo octavo aniversario del Instituto de Investigaciones Antropol\u00f3gicas de la UNAM, transmitido por Zoom.<br \/>\n<a href=\"https:\/\/tienda.fciencias.unam.mx\/es\/inicio\/1693-estudios-de-psicologia-lingueistica-el-estilo-oral-ritmico-y-mnemotecnico-entre-los-verbo-motores-1925-9786073027380.html\">El libro ya puede pedirse en l\u00ednea.<\/a><\/p>\n<ul>\n<li><strong>Nuevas publicaciones en espa\u00f1ol.<\/strong><\/li>\n<\/ul>\n<p>En mayo de 2022 se publicar\u00e1 un dossier sobre la antropolog\u00eda del gesto en la <a href=\"https:\/\/ics.ufal.br\/pt-br\/pos-graduacao\/mestrado-em-antropologia\/institucional\/chamadas-abertas-revista-mundau\">revista Munda\u00fa<\/a>, una revista electr\u00f3nica de antropolog\u00eda editada por el programa de posgrado en Antropolog\u00eda del Instituto de Ciencias Sociales de la Universidad Federal de Alagoas (Brasil). Este es <a href=\"https:\/\/www.seer.ufal.br\/index.php\/revistamundau\/issue\/view\/648\">el resumen<\/a>. Es interesante se\u00f1alar que publica sus art\u00edculos en ingl\u00e9s, franc\u00e9s, portugu\u00e9s y espa\u00f1ol. Entre otras contribuciones, encontrar\u00e1 art\u00edculos escritos por dos alumnos de Gabriel Bourdin y por Titus Jacquignon, estudiante de doctorado y miembro de la Mesa de la Asociaci\u00f3n Marcel Jousse, bajo el t\u00edtulo: El car\u00e1cter fundamental de la experiencia india de Marcel Jousse en la creaci\u00f3n de su m\u00e9todo antropol\u00f3gico.<\/p>\n<p>Tambi\u00e9n est\u00e1 en marcha una traducci\u00f3n al espa\u00f1ol del libro publicado por Gallimard, L&#8217;Anthropologie du Geste.<\/p>\n<h3>Conferencias recientes en espa\u00f1ol<\/h3>\n<p><a href=\"https:\/\/www.marceljousse.com\/MAJ-2024\/wp-content\/uploads\/2022\/05\/F.Lopez-small-300x214.jpg\"><img loading=\"lazy\" decoding=\"async\" class=\"size-medium wp-image-1430 alignleft\" src=\"https:\/\/www.marceljousse.com\/MAJ-2024\/wp-content\/uploads\/2022\/05\/F.Lopez-small-300x214.jpg\" alt=\"\" width=\"300\" height=\"214\" srcset=\"https:\/\/www.marceljousse.com\/wp-content\/uploads\/2022\/05\/F.Lopez-small-300x214.jpg 300w, https:\/\/www.marceljousse.com\/wp-content\/uploads\/2022\/05\/F.Lopez-small-1024x731.jpg 1024w, https:\/\/www.marceljousse.com\/wp-content\/uploads\/2022\/05\/F.Lopez-small-768x548.jpg 768w, https:\/\/www.marceljousse.com\/wp-content\/uploads\/2022\/05\/F.Lopez-small-600x428.jpg 600w, https:\/\/www.marceljousse.com\/wp-content\/uploads\/2022\/05\/F.Lopez-small-900x643.jpg 900w, https:\/\/www.marceljousse.com\/wp-content\/uploads\/2022\/05\/F.Lopez-small.jpg 1063w\" sizes=\"auto, (max-width: 300px) 100vw, 300px\" \/><\/a><br \/>\nEl lunes 29 de noviembre de 2021 se celebr\u00f3 en la Universidad Eclesi\u00e1stica San D\u00e1maso (Madrid) una conferencia titulada &#8220;L&#8217;Anthropologie du Geste de Marcel Jousse: nouvelles recherches sur l&#8217;oralit\u00e9&#8221;. Forma parte de la 4\u00aa jornada del ciclo de conferencias titulado: &#8220;La pedagog\u00eda de la Iglesia de los Ap\u00f3stoles&#8221;. Fue impartida conjuntamente por el profesor Francisco Jos\u00e9 L\u00f3pez S\u00e1ez y Francisco Garc\u00eda Baca (estudiante de doctorado). Ofreci\u00f3 una presentaci\u00f3n biogr\u00e1fica de Marcel Jousse y una introducci\u00f3n a su Antropolog\u00eda del Gesto, seguida de una breve presentaci\u00f3n de nuevas investigaciones sobre la oralidad. La importancia de esta conferencia se debe principalmente a que es una de las primeras exposiciones formales de la Antropolog\u00eda del Gesto de Marcel Jousse en el \u00e1mbito acad\u00e9mico espa\u00f1ol, y tambi\u00e9n porque tuvo lugar en la universidad eclesi\u00e1stica San D\u00e1maso, una importante instituci\u00f3n acad\u00e9mica en Espa\u00f1a. Aqu\u00ed est\u00e1 el v\u00eddeo:<\/p>\n<p><iframe loading=\"lazy\" title=\"Jornada La antropolog\u00eda del gesto de Marcel Jousse: nuevas investigaciones sobre la oralidad\" width=\"629\" height=\"354\" src=\"https:\/\/www.youtube.com\/embed\/gOdzoYQMksE?feature=oembed\" frameborder=\"0\" allow=\"accelerometer; autoplay; clipboard-write; encrypted-media; gyroscope; picture-in-picture; web-share\" referrerpolicy=\"strict-origin-when-cross-origin\" allowfullscreen><\/iframe><\/p>\n<p>El profesor Bourdin sigue investigando y dando conferencias. En 2022, dedica varios meses a un estudio de campo en Andaluc\u00eda, en el sur de Espa\u00f1a, sobre los conocimientos meteorol\u00f3gicos de los campesinos y su expresi\u00f3n en el lenguaje oral de los refranes.<br \/>\nEl 21 de abril pronunci\u00f3 una conferencia de presentaci\u00f3n de la antropolog\u00eda de Jousse en el seminario internacional de doctorado Arte y Antropolog\u00eda de la Universidad de Granada y la Fundaci\u00f3n Euro\u00e1rabe.<\/p>\n<p><a href=\"https:\/\/www.marceljousse.com\/MAJ-2024\/wp-content\/uploads\/2022\/05\/seminaire-grenade.png\"><img loading=\"lazy\" decoding=\"async\" class=\"aligncenter wp-image-1426 size-full\" src=\"https:\/\/www.marceljousse.com\/MAJ-2024\/wp-content\/uploads\/2022\/05\/seminaire-grenade.png\" alt=\"\" width=\"480\" height=\"680\" srcset=\"https:\/\/www.marceljousse.com\/wp-content\/uploads\/2022\/05\/seminaire-grenade.png 480w, https:\/\/www.marceljousse.com\/wp-content\/uploads\/2022\/05\/seminaire-grenade-212x300.png 212w\" sizes=\"auto, (max-width: 480px) 100vw, 480px\" \/><\/a><\/p>\n","protected":false},"excerpt":{"rendered":"<p>Francisco Garc\u00eda present\u00f3 las \u00faltimas iniciativas para la difusi\u00f3n del pensamiento de Jousse en el mundo hispanohablante en las \u00faltimas reuniones de la Asociaci\u00f3n Marcel Jousse en noviembre de 2021. Aqu\u00ed actualizamos su texto con noticias m\u00e1s recientes. Actividades realizadas en espa\u00f1ol en 2020 y 2021 En primer lugar, hay que destacar la promoci\u00f3n del [&hellip;]<\/p>\n","protected":false},"author":2,"featured_media":0,"comment_status":"closed","ping_status":"open","sticky":false,"template":"","format":"standard","meta":{"footnotes":""},"categories":[140,152,167],"tags":[],"class_list":["post-3842","post","type-post","status-publish","format-standard","hentry","category-conferencias-es","category-libros","category-revistas-es"],"_links":{"self":[{"href":"https:\/\/www.marceljousse.com\/es\/wp-json\/wp\/v2\/posts\/3842","targetHints":{"allow":["GET"]}}],"collection":[{"href":"https:\/\/www.marceljousse.com\/es\/wp-json\/wp\/v2\/posts"}],"about":[{"href":"https:\/\/www.marceljousse.com\/es\/wp-json\/wp\/v2\/types\/post"}],"author":[{"embeddable":true,"href":"https:\/\/www.marceljousse.com\/es\/wp-json\/wp\/v2\/users\/2"}],"replies":[{"embeddable":true,"href":"https:\/\/www.marceljousse.com\/es\/wp-json\/wp\/v2\/comments?post=3842"}],"version-history":[{"count":1,"href":"https:\/\/www.marceljousse.com\/es\/wp-json\/wp\/v2\/posts\/3842\/revisions"}],"predecessor-version":[{"id":3987,"href":"https:\/\/www.marceljousse.com\/es\/wp-json\/wp\/v2\/posts\/3842\/revisions\/3987"}],"wp:attachment":[{"href":"https:\/\/www.marceljousse.com\/es\/wp-json\/wp\/v2\/media?parent=3842"}],"wp:term":[{"taxonomy":"category","embeddable":true,"href":"https:\/\/www.marceljousse.com\/es\/wp-json\/wp\/v2\/categories?post=3842"},{"taxonomy":"post_tag","embeddable":true,"href":"https:\/\/www.marceljousse.com\/es\/wp-json\/wp\/v2\/tags?post=3842"}],"curies":[{"name":"wp","href":"https:\/\/api.w.org\/{rel}","templated":true}]}}